{"id":1788,"date":"2015-12-31T11:53:08","date_gmt":"2015-12-31T10:53:08","guid":{"rendered":"https:\/\/www.drukomat.pl\/blog\/?p=1788"},"modified":"2026-04-29T14:15:49","modified_gmt":"2026-04-29T12:15:49","slug":"jakie-kalendarze-taki-rok-czyli-przeglad-polskich-rokoumilaczy","status":"publish","type":"post","link":"https:\/\/www.drukomat.pl\/blog\/jakie-kalendarze-taki-rok-czyli-przeglad-polskich-rokoumilaczy\/","title":{"rendered":"Jakie kalendarze taki rok, czyli przegl\u0105d polskich rokoumilaczy."},"content":{"rendered":"<p style=\"text-align: justify;\">Przed Wami subiektywny przegl\u0105d polskich kalendarzy na 2016 rok. I cho\u0107 teraz ju\u017c pewnie wszystkie wisz\u0105 na \u015bcianach, stoj\u0105 na biurkach, gubi\u0105 si\u0119 w torebkach to przesz\u0142y d\u0142ug\u0105 drog\u0119 do tego etapu. Wszystkie kalendarze \u0142\u0105czy jedno: proces powstawania. Najpierw musi pojawi\u0107 si\u0119 pomys\u0142, potem jest projektowanie, na ko\u0144cu wykonanie. I wiem, \u017ce nad ka\u017cdym z nich kto\u015b sp\u0119dzi\u0142 niejedn\u0105 noc w InDesign, niejeden poranek w Photoshopie i niejedno popo\u0142udnie w drukarni. Ale efekt ko\u0144cowy jest wart wyt\u0119\u017conej pracy. Zobaczcie sami.<\/p>\n<p><!--more--><\/p>\n<p>Autorski kalendarz z bloga <a href=\"http:\/\/www.jestrudo.pl\/kalendarz-2016-do-druku\/\" target=\"_blank\" rel=\"noopener\">JEST RUDO<\/a> do samodzielnego wydrukowania, dost\u0119pny w formacie PDF. 12 prostych, minimalistycznych kart do bazgrolenia przez ca\u0142y rok. Wyb\u00f3r papieru w Twoich r\u0119kach.<\/p>\n<p><a href=\"http:\/\/www.jestrudo.pl\/kalendarz-2016-do-druku\/\" target=\"_blank\" rel=\"noopener\"><img decoding=\"async\" class=\"alignnone size-full wp-image-1789\" src=\"https:\/\/www.drukomat.pl\/blog\/wp-content\/uploads\/2016\/01\/01.jpg\" alt=\"01\" width=\"900\" height=\"630\" srcset=\"https:\/\/www.drukomat.pl\/blog\/wp-content\/uploads\/2016\/01\/01.jpg 900w, https:\/\/www.drukomat.pl\/blog\/wp-content\/uploads\/2016\/01\/01-512x358.jpg 512w, https:\/\/www.drukomat.pl\/blog\/wp-content\/uploads\/2016\/01\/01-440x308.jpg 440w, https:\/\/www.drukomat.pl\/blog\/wp-content\/uploads\/2016\/01\/01-585x410.jpg 585w, https:\/\/www.drukomat.pl\/blog\/wp-content\/uploads\/2016\/01\/01-600x420.jpg 600w\" sizes=\"(max-width: 900px) 100vw, 900px\" \/><\/a><a href=\"http:\/\/www.decobazaar.com\/produkt-kalendarz-2016-ptaki-21x21cm-4715148.html\" target=\"_blank\" rel=\"noopener\">Kogut, sikorka, indyk<\/a> w nowoczesnej grafice i z ciekawymi architektonicznie detalami.\u00a0Autorskie zdj\u0119cia budynk\u00f3w z naznaczonym up\u0142ywem czasu po\u0142\u0105czone s\u0105 z sylwetkami ptak\u00f3w. Nastrojowo.<\/p>\n<p><a href=\"http:\/\/www.decobazaar.com\/produkt-kalendarz-2016-ptaki-21x21cm-4715148.html\" target=\"_blank\" rel=\"noopener\"><img decoding=\"async\" class=\"alignnone size-full wp-image-1790\" src=\"https:\/\/www.drukomat.pl\/blog\/wp-content\/uploads\/2016\/01\/02.jpg\" alt=\"02\" width=\"900\" height=\"630\" srcset=\"https:\/\/www.drukomat.pl\/blog\/wp-content\/uploads\/2016\/01\/02.jpg 900w, https:\/\/www.drukomat.pl\/blog\/wp-content\/uploads\/2016\/01\/02-512x358.jpg 512w, https:\/\/www.drukomat.pl\/blog\/wp-content\/uploads\/2016\/01\/02-440x308.jpg 440w, https:\/\/www.drukomat.pl\/blog\/wp-content\/uploads\/2016\/01\/02-585x410.jpg 585w, https:\/\/www.drukomat.pl\/blog\/wp-content\/uploads\/2016\/01\/02-600x420.jpg 600w\" sizes=\"(max-width: 900px) 100vw, 900px\" \/><\/a><a href=\"http:\/\/pankalendarz.com.pl\/content\/4-kim-jest-pan-kalendarz\" target=\"_blank\" rel=\"noopener\">Pan Kalendarz.<\/a> Powsta\u0142 z pasji i ch\u0119ci artystycznego wy\u017cycia si\u0119. Zaprojektowany przez grup\u0119 znajomych w my\u015bl zasady: nie oszcz\u0119dzaj go! Autorzy namawiaj\u0105 do wydzierania kartek, zalewania ich winem, owijania w nie kie\u0142basy, mazania i ca\u0142ej reszty wg w\u0142asnego uznania.<\/p>\n<p><a href=\"http:\/\/pankalendarz.com.pl\/content\/4-kim-jest-pan-kalendarz\" target=\"_blank\" rel=\"noopener\"><img decoding=\"async\" class=\"alignnone size-full wp-image-1823\" src=\"https:\/\/www.drukomat.pl\/blog\/wp-content\/uploads\/2016\/01\/00_1.jpg\" alt=\"00_1\" width=\"900\" height=\"630\" srcset=\"https:\/\/www.drukomat.pl\/blog\/wp-content\/uploads\/2016\/01\/00_1.jpg 900w, https:\/\/www.drukomat.pl\/blog\/wp-content\/uploads\/2016\/01\/00_1-512x358.jpg 512w, https:\/\/www.drukomat.pl\/blog\/wp-content\/uploads\/2016\/01\/00_1-440x308.jpg 440w, https:\/\/www.drukomat.pl\/blog\/wp-content\/uploads\/2016\/01\/00_1-585x410.jpg 585w, https:\/\/www.drukomat.pl\/blog\/wp-content\/uploads\/2016\/01\/00_1-600x420.jpg 600w\" sizes=\"(max-width: 900px) 100vw, 900px\" \/><\/a>12 kart kalendarza, kt\u00f3re nie s\u0105 ze sob\u0105 po\u0142\u0105czone. Dzi\u0119ki temu mo\u017cesz w\u0142o\u017cy\u0107 je np. do ramki lub u\u017cy\u0107 podk\u0142adki z klipsem. Kalendarz z bloga <a href=\"http:\/\/www.zyj-kochaj-tworz.pl\/produkt\/kalendarz-2016-przedsprzedaz\" target=\"_blank\" rel=\"noopener\">\u017byj-kochaj-tw\u00f3rz.\u00a0<\/a><\/p>\n<p><a href=\"http:\/\/www.zyj-kochaj-tworz.pl\/produkt\/kalendarz-2016-przedsprzedaz\" target=\"_blank\" rel=\"noopener\"><img decoding=\"async\" class=\"alignnone size-full wp-image-1792\" src=\"https:\/\/www.drukomat.pl\/blog\/wp-content\/uploads\/2016\/01\/04.jpg\" alt=\"04\" width=\"900\" height=\"630\" srcset=\"https:\/\/www.drukomat.pl\/blog\/wp-content\/uploads\/2016\/01\/04.jpg 900w, https:\/\/www.drukomat.pl\/blog\/wp-content\/uploads\/2016\/01\/04-512x358.jpg 512w, https:\/\/www.drukomat.pl\/blog\/wp-content\/uploads\/2016\/01\/04-440x308.jpg 440w, https:\/\/www.drukomat.pl\/blog\/wp-content\/uploads\/2016\/01\/04-585x410.jpg 585w, https:\/\/www.drukomat.pl\/blog\/wp-content\/uploads\/2016\/01\/04-600x420.jpg 600w\" sizes=\"(max-width: 900px) 100vw, 900px\" \/><\/a>Genialny kalendarz genialnego cz\u0142owieka &#8211; <a href=\"http:\/\/imagazine.pl\/2015\/11\/17\/limitowana-edycja-kalendarza-sciennego-na-2016-r-z-pracami-pawla-joncy\/\" target=\"_blank\" rel=\"noopener\">Paw\u0142a Jo\u0144cy<\/a>. Jego styl idealnie trafia w m\u00f3j gust. Kalendarz z limitowanej edycji i dlatego szcz\u0119\u015bciarzami nazywam tych, kt\u00f3rzy teraz sp\u0119dz\u0105 ca\u0142y rok w jego towarzystwie.<\/p>\n<p><a href=\"http:\/\/imagazine.pl\/2015\/11\/17\/limitowana-edycja-kalendarza-sciennego-na-2016-r-z-pracami-pawla-joncy\/\" target=\"_blank\" rel=\"noopener\"><img decoding=\"async\" class=\"alignnone size-full wp-image-1793\" src=\"https:\/\/www.drukomat.pl\/blog\/wp-content\/uploads\/2016\/01\/05.jpg\" alt=\"05\" width=\"900\" height=\"630\" srcset=\"https:\/\/www.drukomat.pl\/blog\/wp-content\/uploads\/2016\/01\/05.jpg 900w, https:\/\/www.drukomat.pl\/blog\/wp-content\/uploads\/2016\/01\/05-512x358.jpg 512w, https:\/\/www.drukomat.pl\/blog\/wp-content\/uploads\/2016\/01\/05-440x308.jpg 440w, https:\/\/www.drukomat.pl\/blog\/wp-content\/uploads\/2016\/01\/05-585x410.jpg 585w, https:\/\/www.drukomat.pl\/blog\/wp-content\/uploads\/2016\/01\/05-600x420.jpg 600w\" sizes=\"(max-width: 900px) 100vw, 900px\" \/><\/a><a href=\"http:\/\/www.vegeaddicted.pl\/kalendarz-2016\/\" target=\"_blank\" rel=\"noopener\">Kalendarz &#8211; drogowskaz<\/a>. Podpowiada, jakie produkty wybiera\u0107 zgodnie z tym, co dyktuj\u0105 nam pory roku. R\u0119cznie ilustrowany zach\u0119ca r\u00f3wnie\u017c do kulinarnych poszukiwa\u0144. Smacznie to wszystko wygl\u0105da.<\/p>\n<p><a href=\"http:\/\/www.vegeaddicted.pl\/kalendarz-2016\/\" target=\"_blank\" rel=\"noopener\"><img decoding=\"async\" class=\"alignnone size-full wp-image-1794\" src=\"https:\/\/www.drukomat.pl\/blog\/wp-content\/uploads\/2016\/01\/06.jpg\" alt=\"06\" width=\"900\" height=\"630\" srcset=\"https:\/\/www.drukomat.pl\/blog\/wp-content\/uploads\/2016\/01\/06.jpg 900w, https:\/\/www.drukomat.pl\/blog\/wp-content\/uploads\/2016\/01\/06-512x358.jpg 512w, https:\/\/www.drukomat.pl\/blog\/wp-content\/uploads\/2016\/01\/06-440x308.jpg 440w, https:\/\/www.drukomat.pl\/blog\/wp-content\/uploads\/2016\/01\/06-585x410.jpg 585w, https:\/\/www.drukomat.pl\/blog\/wp-content\/uploads\/2016\/01\/06-600x420.jpg 600w\" sizes=\"(max-width: 900px) 100vw, 900px\" \/><\/a><a href=\"http:\/\/sezonownik.pl\" target=\"_blank\" rel=\"noopener\">Sezonownik.<\/a> Nic doda\u0107, nic uj\u0105\u0107. On wie, co w sezonie warto wrzuci\u0107 do garnka i na z\u0105b. Je\u017celi potrzebny Wami taki warzywno-owocowy przewodnik to jeste\u015bcie w domu&#8230; i oczywi\u015bcie w kuchni.<\/p>\n<p><a href=\"http:\/\/sezonownik.pl\" target=\"_blank\" rel=\"noopener\"><img decoding=\"async\" class=\"alignnone size-full wp-image-1825\" src=\"https:\/\/www.drukomat.pl\/blog\/wp-content\/uploads\/2016\/01\/07_1.jpg\" alt=\"07_1\" width=\"900\" height=\"630\" srcset=\"https:\/\/www.drukomat.pl\/blog\/wp-content\/uploads\/2016\/01\/07_1.jpg 900w, https:\/\/www.drukomat.pl\/blog\/wp-content\/uploads\/2016\/01\/07_1-512x358.jpg 512w, https:\/\/www.drukomat.pl\/blog\/wp-content\/uploads\/2016\/01\/07_1-440x308.jpg 440w, https:\/\/www.drukomat.pl\/blog\/wp-content\/uploads\/2016\/01\/07_1-585x410.jpg 585w, https:\/\/www.drukomat.pl\/blog\/wp-content\/uploads\/2016\/01\/07_1-600x420.jpg 600w\" sizes=\"(max-width: 900px) 100vw, 900px\" \/><\/a>Po ubieg\u0142orocznych projektach Magdy Danaj\u00a0&#8222;Kalendarzu Polaka 2014&#8221; oraz &#8222;12 grzechach g\u0142\u00f3wnych 2015&#8221; nadszed\u0142 czas na\u00a0<a href=\"http:\/\/shop.porysunki.com\/p\/26\/369\/kalendarz-scienny-2016-czlowieka-dojrzalego--kalendarz-scienny-2016-czlowieka-dojrzalego-.html\" target=\"_blank\" rel=\"noopener\">&#8222;Kalendarz Cz\u0142owieka Dojrza\u0142ego 2016&#8221;<\/a>. Tym razem 12 rysunk\u00f3w na ca\u0142y rok skierowanych do ludzi\u00a0dojrza\u0142ych, p\u00f3\u0142dojrza\u0142ych, pseudodojrza\u0142ych oraz w og\u00f3le nie dojrza\u0142ych.<\/p>\n<p><a href=\"http:\/\/shop.porysunki.com\/p\/26\/369\/kalendarz-scienny-2016-czlowieka-dojrzalego--kalendarz-scienny-2016-czlowieka-dojrzalego-.html\" target=\"_blank\" rel=\"noopener\"><img decoding=\"async\" class=\"alignnone size-full wp-image-1821\" src=\"https:\/\/www.drukomat.pl\/blog\/wp-content\/uploads\/2016\/01\/08_1.jpg\" alt=\"08_1\" width=\"900\" height=\"630\" srcset=\"https:\/\/www.drukomat.pl\/blog\/wp-content\/uploads\/2016\/01\/08_1.jpg 900w, https:\/\/www.drukomat.pl\/blog\/wp-content\/uploads\/2016\/01\/08_1-512x358.jpg 512w, https:\/\/www.drukomat.pl\/blog\/wp-content\/uploads\/2016\/01\/08_1-440x308.jpg 440w, https:\/\/www.drukomat.pl\/blog\/wp-content\/uploads\/2016\/01\/08_1-585x410.jpg 585w, https:\/\/www.drukomat.pl\/blog\/wp-content\/uploads\/2016\/01\/08_1-600x420.jpg 600w\" sizes=\"(max-width: 900px) 100vw, 900px\" \/><\/a>Kalendarz <a href=\"http:\/\/sklep.kukbuk.com.pl\/pl\/p\/KALENDARZ-KUKBUKA-2016\/165\" target=\"_blank\" rel=\"noopener\">KUKBUKA<\/a> przygotowany razem z firm\u0105 Bazi\u00f3\u0142ka. Uwaga &#8211; jest zrobiony z papieru z\u00a0wyt\u0142oczyn owoc\u00f3w (crush 100g\/m2 oraz olive, kiwi, almound, citrus 120g\/m2). W \u015brodku przeczytacie o sezonowych zio\u0142ach i sposobach na ich wykorzystanie. Niez\u0142e zi\u00f3\u0142ko!<\/p>\n<p><a href=\"http:\/\/sklep.kukbuk.com.pl\/pl\/p\/KALENDARZ-KUKBUKA-2016\/165\" target=\"_blank\" rel=\"noopener\"><img decoding=\"async\" class=\"alignnone size-full wp-image-1798\" src=\"https:\/\/www.drukomat.pl\/blog\/wp-content\/uploads\/2016\/01\/10.jpg\" alt=\"10\" width=\"900\" height=\"630\" srcset=\"https:\/\/www.drukomat.pl\/blog\/wp-content\/uploads\/2016\/01\/10.jpg 900w, https:\/\/www.drukomat.pl\/blog\/wp-content\/uploads\/2016\/01\/10-512x358.jpg 512w, https:\/\/www.drukomat.pl\/blog\/wp-content\/uploads\/2016\/01\/10-440x308.jpg 440w, https:\/\/www.drukomat.pl\/blog\/wp-content\/uploads\/2016\/01\/10-585x410.jpg 585w, https:\/\/www.drukomat.pl\/blog\/wp-content\/uploads\/2016\/01\/10-600x420.jpg 600w\" sizes=\"(max-width: 900px) 100vw, 900px\" \/><\/a>Wystarczy\u0142o dziesi\u0119\u0107 lat, \u017ceby Kalendarz <a href=\"http:\/\/www.kalendarzdzentelmeni.pl\" target=\"_blank\" rel=\"noopener\">D\u017centelmeni <\/a>wyr\u00f3s\u0142 na jedno z najbardziej znacz\u0105cych charytatywnych i artystycznych przedsi\u0119wzi\u0119\u0107 w naszym kraju, potrzebuj\u0105cym przekazano ponad 8 mln z\u0142otych. Tegoroczny pokazuje chemi\u0119, tak\u017ce t\u0105 nieoczywist\u0105, mi\u0119dzyludzk\u0105 energi\u0119. I tym wszystkim \u0142apie mnie za serce.<\/p>\n<p><a href=\"http:\/\/www.kalendarzdzentelmeni.pl\" target=\"_blank\" rel=\"noopener\"><img decoding=\"async\" class=\"alignnone size-full wp-image-1799\" src=\"https:\/\/www.drukomat.pl\/blog\/wp-content\/uploads\/2016\/01\/11.jpg\" alt=\"11\" width=\"900\" height=\"630\" srcset=\"https:\/\/www.drukomat.pl\/blog\/wp-content\/uploads\/2016\/01\/11.jpg 900w, https:\/\/www.drukomat.pl\/blog\/wp-content\/uploads\/2016\/01\/11-512x358.jpg 512w, https:\/\/www.drukomat.pl\/blog\/wp-content\/uploads\/2016\/01\/11-440x308.jpg 440w, https:\/\/www.drukomat.pl\/blog\/wp-content\/uploads\/2016\/01\/11-585x410.jpg 585w, https:\/\/www.drukomat.pl\/blog\/wp-content\/uploads\/2016\/01\/11-600x420.jpg 600w\" sizes=\"(max-width: 900px) 100vw, 900px\" \/><\/a><a href=\"https:\/\/www.behance.net\/gallery\/32279985\/Typograficzny-kalendarz-2016-Letterpress-callendar\" target=\"_blank\" rel=\"noopener\">Typograficzny kalendarz <\/a>drukowany r\u0119cznie przy u\u017cyciu klasycznych czcionek na gruba\u015bnym (850g) bezdrzewnym papierze z domieszk\u0105 bawe\u0142ny. Przemawia do mnie\u00a0kwadratowy format i zaokr\u0105glone naro\u017cniki.<\/p>\n<p><a href=\"https:\/\/www.behance.net\/gallery\/32279985\/Typograficzny-kalendarz-2016-Letterpress-callendar\" target=\"_blank\" rel=\"noopener\"><img decoding=\"async\" class=\"alignnone size-full wp-image-1800\" src=\"https:\/\/www.drukomat.pl\/blog\/wp-content\/uploads\/2016\/01\/12.jpg\" alt=\"12\" width=\"900\" height=\"630\" srcset=\"https:\/\/www.drukomat.pl\/blog\/wp-content\/uploads\/2016\/01\/12.jpg 900w, https:\/\/www.drukomat.pl\/blog\/wp-content\/uploads\/2016\/01\/12-512x358.jpg 512w, https:\/\/www.drukomat.pl\/blog\/wp-content\/uploads\/2016\/01\/12-440x308.jpg 440w, https:\/\/www.drukomat.pl\/blog\/wp-content\/uploads\/2016\/01\/12-585x410.jpg 585w, https:\/\/www.drukomat.pl\/blog\/wp-content\/uploads\/2016\/01\/12-600x420.jpg 600w\" sizes=\"(max-width: 900px) 100vw, 900px\" \/><\/a><a href=\"https:\/\/pl.pinterest.com\/pin\/407435097518506206\/\" target=\"_blank\" rel=\"noopener\">WIATRAKI<\/a> &#8211; minimalistyczny kalendarz tr\u00f3jdzielny wykonany na szarym kartonowym spodzie w stylu eko. G\u0142\u00f3wka kalendarza wykonana na sitodruku. Projekt i realizacja: SEAdesign.<\/p>\n<p><a href=\"https:\/\/pl.pinterest.com\/pin\/407435097518506206\/\" target=\"_blank\" rel=\"noopener\"><img decoding=\"async\" class=\"alignnone size-full wp-image-1801\" src=\"https:\/\/www.drukomat.pl\/blog\/wp-content\/uploads\/2016\/01\/13.jpg\" alt=\"13\" width=\"900\" height=\"630\" srcset=\"https:\/\/www.drukomat.pl\/blog\/wp-content\/uploads\/2016\/01\/13.jpg 900w, https:\/\/www.drukomat.pl\/blog\/wp-content\/uploads\/2016\/01\/13-512x358.jpg 512w, https:\/\/www.drukomat.pl\/blog\/wp-content\/uploads\/2016\/01\/13-440x308.jpg 440w, https:\/\/www.drukomat.pl\/blog\/wp-content\/uploads\/2016\/01\/13-585x410.jpg 585w, https:\/\/www.drukomat.pl\/blog\/wp-content\/uploads\/2016\/01\/13-600x420.jpg 600w\" sizes=\"(max-width: 900px) 100vw, 900px\" \/><\/a>Geometria w <a href=\"https:\/\/www.behance.net\/gallery\/30905117\/Kalendarz-2016\" target=\"_blank\" rel=\"noopener\">tym kalendarzu<\/a>, autorstwa Olgi Szczechowskiej sprawia, \u017ce moja \u015bciana nie potrzebuje ju\u017c \u017cadnych dzie\u0142 sztuki. Zdecydowanie zach\u0119ca go obejrzenia innych prac autorki.<\/p>\n<p><a href=\"https:\/\/www.behance.net\/gallery\/30905117\/Kalendarz-2016\" target=\"_blank\" rel=\"noopener\"><img decoding=\"async\" class=\"alignnone size-full wp-image-1802\" src=\"https:\/\/www.drukomat.pl\/blog\/wp-content\/uploads\/2016\/01\/14.jpg\" alt=\"14\" width=\"900\" height=\"630\" srcset=\"https:\/\/www.drukomat.pl\/blog\/wp-content\/uploads\/2016\/01\/14.jpg 900w, https:\/\/www.drukomat.pl\/blog\/wp-content\/uploads\/2016\/01\/14-512x358.jpg 512w, https:\/\/www.drukomat.pl\/blog\/wp-content\/uploads\/2016\/01\/14-440x308.jpg 440w, https:\/\/www.drukomat.pl\/blog\/wp-content\/uploads\/2016\/01\/14-585x410.jpg 585w, https:\/\/www.drukomat.pl\/blog\/wp-content\/uploads\/2016\/01\/14-600x420.jpg 600w\" sizes=\"(max-width: 900px) 100vw, 900px\" \/><\/a><a href=\"http:\/\/koters.pl\/article\/kotalendarz-na-2016-rok\" target=\"_blank\" rel=\"noopener\">Kotokalendarz<\/a> pomaga kotom i wywo\u0142uje u\u015bmiech za ka\u017cdym razem, gdy si\u0119 na niego spojrzy. Maj\u0105c go jeste\u015b hipsterem, bo to edycja limitowana. Fajne\u00a0rysunki autorstwa <a href=\"https:\/\/www.facebook.com\/nezkafeishere\/\" target=\"_blank\" rel=\"noopener\">Nezkafe.<\/a><\/p>\n<p><a href=\"http:\/\/koters.pl\/article\/kotalendarz-na-2016-rok\" target=\"_blank\" rel=\"noopener\"><img decoding=\"async\" class=\"alignnone size-full wp-image-1803\" src=\"https:\/\/www.drukomat.pl\/blog\/wp-content\/uploads\/2016\/01\/15.jpg\" alt=\"15\" width=\"900\" height=\"630\" srcset=\"https:\/\/www.drukomat.pl\/blog\/wp-content\/uploads\/2016\/01\/15.jpg 900w, https:\/\/www.drukomat.pl\/blog\/wp-content\/uploads\/2016\/01\/15-512x358.jpg 512w, https:\/\/www.drukomat.pl\/blog\/wp-content\/uploads\/2016\/01\/15-440x308.jpg 440w, https:\/\/www.drukomat.pl\/blog\/wp-content\/uploads\/2016\/01\/15-585x410.jpg 585w, https:\/\/www.drukomat.pl\/blog\/wp-content\/uploads\/2016\/01\/15-600x420.jpg 600w\" sizes=\"(max-width: 900px) 100vw, 900px\" \/><\/a><a href=\"https:\/\/www.behance.net\/gallery\/32302857\/WARSAW-CALENDAR-2016-NOTEBOOK\" target=\"_blank\" rel=\"noopener\">Kalendarz warszawski<\/a>\u00a0stworzony dla Muzeum Warszawy, realizowany w ramach Programu \u201eKonserwacja i rewitalizacja dziedzictwa kulturowego\u201d. Nie tylko dla warszawiak\u00f3w.<\/p>\n<p><a href=\"https:\/\/www.behance.net\/gallery\/32302857\/WARSAW-CALENDAR-2016-NOTEBOOK\" target=\"_blank\" rel=\"noopener\"><img decoding=\"async\" class=\"alignnone size-full wp-image-1804\" src=\"https:\/\/www.drukomat.pl\/blog\/wp-content\/uploads\/2016\/01\/16.jpg\" alt=\"16\" width=\"900\" height=\"630\" srcset=\"https:\/\/www.drukomat.pl\/blog\/wp-content\/uploads\/2016\/01\/16.jpg 900w, https:\/\/www.drukomat.pl\/blog\/wp-content\/uploads\/2016\/01\/16-512x358.jpg 512w, https:\/\/www.drukomat.pl\/blog\/wp-content\/uploads\/2016\/01\/16-440x308.jpg 440w, https:\/\/www.drukomat.pl\/blog\/wp-content\/uploads\/2016\/01\/16-585x410.jpg 585w, https:\/\/www.drukomat.pl\/blog\/wp-content\/uploads\/2016\/01\/16-600x420.jpg 600w\" sizes=\"(max-width: 900px) 100vw, 900px\" \/><\/a><a href=\"https:\/\/www.behance.net\/gallery\/25677525\/Kalendarz-2016-12-grzechow-Calendar-2016-12-sins\" target=\"_blank\" rel=\"noopener\">Kalendarz 12 grzech\u00f3w<\/a> na 12 miesi\u0119cy. W styczniu nie spoczywamy na lajkach, w czerwcu p\u0142acimy podatek od do\u015bwiadcze\u0144. Pozosta\u0142e grzeszne 10 miesi\u0119cy sprawd\u017acie sami.<\/p>\n<p><a href=\"https:\/\/www.behance.net\/gallery\/25677525\/Kalendarz-2016-12-grzechow-Calendar-2016-12-sins\" target=\"_blank\" rel=\"noopener\"><img decoding=\"async\" class=\"alignnone size-full wp-image-1806\" src=\"https:\/\/www.drukomat.pl\/blog\/wp-content\/uploads\/2016\/01\/18.jpg\" alt=\"18\" width=\"900\" height=\"630\" srcset=\"https:\/\/www.drukomat.pl\/blog\/wp-content\/uploads\/2016\/01\/18.jpg 900w, https:\/\/www.drukomat.pl\/blog\/wp-content\/uploads\/2016\/01\/18-512x358.jpg 512w, https:\/\/www.drukomat.pl\/blog\/wp-content\/uploads\/2016\/01\/18-440x308.jpg 440w, https:\/\/www.drukomat.pl\/blog\/wp-content\/uploads\/2016\/01\/18-585x410.jpg 585w, https:\/\/www.drukomat.pl\/blog\/wp-content\/uploads\/2016\/01\/18-600x420.jpg 600w\" sizes=\"(max-width: 900px) 100vw, 900px\" \/><\/a><a href=\"https:\/\/www.behance.net\/gallery\/31463695\/Calendar-with-illustrationsKalendarz-z-ilustracjami-MJ\" target=\"_blank\" rel=\"noopener\">Kalendarz z ilustracjami MJ.<\/a>\u00a0Ciekawie zaprojektowane karty pokazuj\u0105 r\u00f3\u017cne wcielenia gwiazdy popu. Zdecydowanie dla fan\u00f3w.<\/p>\n<p><a href=\"https:\/\/www.behance.net\/gallery\/31463695\/Calendar-with-illustrationsKalendarz-z-ilustracjami-MJ\" target=\"_blank\" rel=\"noopener\"><img decoding=\"async\" class=\"alignnone size-full wp-image-1808\" src=\"https:\/\/www.drukomat.pl\/blog\/wp-content\/uploads\/2016\/01\/20.jpg\" alt=\"20\" width=\"900\" height=\"630\" srcset=\"https:\/\/www.drukomat.pl\/blog\/wp-content\/uploads\/2016\/01\/20.jpg 900w, https:\/\/www.drukomat.pl\/blog\/wp-content\/uploads\/2016\/01\/20-512x358.jpg 512w, https:\/\/www.drukomat.pl\/blog\/wp-content\/uploads\/2016\/01\/20-440x308.jpg 440w, https:\/\/www.drukomat.pl\/blog\/wp-content\/uploads\/2016\/01\/20-585x410.jpg 585w, https:\/\/www.drukomat.pl\/blog\/wp-content\/uploads\/2016\/01\/20-600x420.jpg 600w\" sizes=\"(max-width: 900px) 100vw, 900px\" \/><\/a><a href=\"https:\/\/www.behance.net\/gallery\/31585467\/Calendar-2016\" target=\"_blank\" rel=\"noopener\">Kalendarz z ludowymi<\/a>\u00a0m\u0105dro\u015bciami na 12 miesi\u0119cy, autorstwa Justyny Krzywickiej. Do powieszenia w dowolnym miejscu. Humor i ilustracje na bardzo wysokim poziomie.<\/p>\n<p><a href=\"https:\/\/www.behance.net\/justynakrzywicka\" target=\"_blank\" rel=\"noopener\"><img decoding=\"async\" class=\"alignnone size-full wp-image-1831\" src=\"https:\/\/www.drukomat.pl\/blog\/wp-content\/uploads\/2016\/01\/22.jpg\" alt=\"22\" width=\"900\" height=\"630\" srcset=\"https:\/\/www.drukomat.pl\/blog\/wp-content\/uploads\/2016\/01\/22.jpg 900w, https:\/\/www.drukomat.pl\/blog\/wp-content\/uploads\/2016\/01\/22-512x358.jpg 512w, https:\/\/www.drukomat.pl\/blog\/wp-content\/uploads\/2016\/01\/22-440x308.jpg 440w, https:\/\/www.drukomat.pl\/blog\/wp-content\/uploads\/2016\/01\/22-585x410.jpg 585w, https:\/\/www.drukomat.pl\/blog\/wp-content\/uploads\/2016\/01\/22-600x420.jpg 600w\" sizes=\"(max-width: 900px) 100vw, 900px\" \/><\/a>M\u00f3j ulubieniec &#8211; <a href=\"https:\/\/www.facebook.com\/kalendarzdoprania\" target=\"_blank\" rel=\"noopener\">kalendarz do prania<\/a>, ma form\u0119 makatki z wygodn\u0105 kieszeni\u0105 na drobiazgi. Motyw przewodni &#8211; kwiaty i polskie budynki stworzy\u0142 Mateusz Gryz\u0142o. Bior\u0119 i pior\u0119!<\/p>\n<p><a href=\"https:\/\/www.facebook.com\/kalendarzdoprania\" target=\"_blank\" rel=\"noopener\"><img decoding=\"async\" class=\"alignnone size-full wp-image-1832\" src=\"https:\/\/www.drukomat.pl\/blog\/wp-content\/uploads\/2016\/01\/23.jpg\" alt=\"23\" width=\"900\" height=\"630\" srcset=\"https:\/\/www.drukomat.pl\/blog\/wp-content\/uploads\/2016\/01\/23.jpg 900w, https:\/\/www.drukomat.pl\/blog\/wp-content\/uploads\/2016\/01\/23-512x358.jpg 512w, https:\/\/www.drukomat.pl\/blog\/wp-content\/uploads\/2016\/01\/23-440x308.jpg 440w, https:\/\/www.drukomat.pl\/blog\/wp-content\/uploads\/2016\/01\/23-585x410.jpg 585w, https:\/\/www.drukomat.pl\/blog\/wp-content\/uploads\/2016\/01\/23-600x420.jpg 600w\" sizes=\"(max-width: 900px) 100vw, 900px\" \/><\/a>Kulturalny kalendarz dla<strong>\u00a0<\/strong>Narodowego Centrum Kultury, zaprojektowany przez genialne <a href=\"http:\/\/syfonstudio.com\" target=\"_blank\" rel=\"noopener\">Syfon Studio<\/a>. Kalendarz ma mi\u0119kk\u0105 ok\u0142adk\u0119 oraz designerski, otwarty grzbiet z widocznym szyciem. Wyposa\u017cony jest w\u00a0\u201eKulturomierz\u201d: na kartach jest pi\u0119\u0107 kszta\u0142t\u00f3w symbolizuj\u0105cych poszczeg\u00f3lne dziedziny kultury. Mo\u017cna zaznaczy\u0107 na nich wydarzenia kulturalne, w kt\u00f3rych bra\u0142o si\u0119 udzia\u0142. Kultura przez du\u017ce K.<\/p>\n<p><a href=\"https:\/\/www.drukomat.pl\/blog\/wp-content\/uploads\/2016\/01\/24.jpg\" data-rel=\"penci-gallery-image-content\"  target=\"_blank\" rel=\"noopener\"><img decoding=\"async\" class=\"alignnone wp-image-1834 size-full\" src=\"https:\/\/www.drukomat.pl\/blog\/wp-content\/uploads\/2016\/01\/24.jpg\" alt=\"24\" width=\"900\" height=\"630\" srcset=\"https:\/\/www.drukomat.pl\/blog\/wp-content\/uploads\/2016\/01\/24.jpg 900w, https:\/\/www.drukomat.pl\/blog\/wp-content\/uploads\/2016\/01\/24-512x358.jpg 512w, https:\/\/www.drukomat.pl\/blog\/wp-content\/uploads\/2016\/01\/24-440x308.jpg 440w, https:\/\/www.drukomat.pl\/blog\/wp-content\/uploads\/2016\/01\/24-585x410.jpg 585w, https:\/\/www.drukomat.pl\/blog\/wp-content\/uploads\/2016\/01\/24-600x420.jpg 600w\" sizes=\"(max-width: 900px) 100vw, 900px\" \/><\/a><\/p>\n","protected":false},"excerpt":{"rendered":"<p>Przed Wami subiektywny przegl\u0105d polskich kalendarzy na 2016 rok. I cho\u0107 teraz ju\u017c pewnie wszystkie wisz\u0105 na \u015bcianach, stoj\u0105 na biurkach, gubi\u0105 si\u0119 w torebkach to przesz\u0142y d\u0142ug\u0105 drog\u0119 do&hellip;<\/p>\n","protected":false},"author":4,"featured_media":1837,"comment_status":"open","ping_status":"open","sticky":false,"template":"","format":"standard","meta":{"footnotes":""},"categories":[4],"tags":[28,30,27],"coauthors":[],"yoast_head":"<!-- This site is optimized with the Yoast SEO plugin v21.5 - https:\/\/yoast.com\/wordpress\/plugins\/seo\/ -->\n<title>Kreatywne wzory kalendarzy na 2016 rok - Blogomat<\/title>\n<meta name=\"robots\" content=\"index, follow, max-snippet:-1, max-image-preview:large, max-video-preview:-1\" \/>\n<link rel=\"canonical\" href=\"https:\/\/www.drukomat.pl\/blog\/jakie-kalendarze-taki-rok-czyli-przeglad-polskich-rokoumilaczy\/\" \/>\n<meta property=\"og:locale\" content=\"pl_PL\" \/>\n<meta property=\"og:type\" content=\"article\" \/>\n<meta property=\"og:title\" content=\"Kreatywne wzory kalendarzy na 2016 rok - Blogomat\" \/>\n<meta property=\"og:description\" content=\"Przed Wami subiektywny przegl\u0105d polskich kalendarzy na 2016 rok. I cho\u0107 teraz ju\u017c pewnie wszystkie wisz\u0105 na \u015bcianach, stoj\u0105 na biurkach, gubi\u0105 si\u0119 w torebkach to przesz\u0142y d\u0142ug\u0105 drog\u0119 do&hellip;\" \/>\n<meta property=\"og:url\" content=\"https:\/\/www.drukomat.pl\/blog\/jakie-kalendarze-taki-rok-czyli-przeglad-polskich-rokoumilaczy\/\" \/>\n<meta property=\"og:site_name\" content=\"Blogomat - blog drukarni internetowej drukomat.pl\" \/>\n<meta property=\"article:publisher\" content=\"https:\/\/www.facebook.com\/drukomatpl\/\" \/>\n<meta property=\"article:published_time\" content=\"2015-12-31T10:53:08+00:00\" \/>\n<meta property=\"article:modified_time\" content=\"2026-04-29T12:15:49+00:00\" \/>\n<meta property=\"og:image\" content=\"https:\/\/www.drukomat.pl\/blog\/wp-content\/uploads\/2016\/01\/start.jpg\" \/>\n\t<meta property=\"og:image:width\" content=\"900\" \/>\n\t<meta property=\"og:image:height\" content=\"630\" \/>\n\t<meta property=\"og:image:type\" content=\"image\/jpeg\" \/>\n<meta name=\"author\" content=\"Magda\" \/>\n<meta name=\"twitter:label1\" content=\"Napisane przez\" \/>\n\t<meta name=\"twitter:data1\" content=\"Magda\" \/>\n\t<meta name=\"twitter:label2\" content=\"Szacowany czas czytania\" \/>\n\t<meta name=\"twitter:data2\" content=\"8 minut\" \/>\n\t<meta name=\"twitter:label3\" content=\"Written by\" \/>\n\t<meta name=\"twitter:data3\" content=\"Magda\" \/>\n<script type=\"application\/ld+json\" class=\"yoast-schema-graph\">{\"@context\":\"https:\/\/schema.org\",\"@graph\":[{\"@type\":\"WebPage\",\"@id\":\"https:\/\/www.drukomat.pl\/blog\/jakie-kalendarze-taki-rok-czyli-przeglad-polskich-rokoumilaczy\/\",\"url\":\"https:\/\/www.drukomat.pl\/blog\/jakie-kalendarze-taki-rok-czyli-przeglad-polskich-rokoumilaczy\/\",\"name\":\"Kreatywne wzory kalendarzy na 2016 rok - Blogomat\",\"isPartOf\":{\"@id\":\"https:\/\/www.drukomat.pl\/blog\/#website\"},\"datePublished\":\"2015-12-31T10:53:08+00:00\",\"dateModified\":\"2026-04-29T12:15:49+00:00\",\"author\":{\"@id\":\"https:\/\/www.drukomat.pl\/blog\/#\/schema\/person\/2b44cbfb3e59d28415f917c30446db30\"},\"breadcrumb\":{\"@id\":\"https:\/\/www.drukomat.pl\/blog\/jakie-kalendarze-taki-rok-czyli-przeglad-polskich-rokoumilaczy\/#breadcrumb\"},\"inLanguage\":\"pl-PL\",\"potentialAction\":[{\"@type\":\"ReadAction\",\"target\":[\"https:\/\/www.drukomat.pl\/blog\/jakie-kalendarze-taki-rok-czyli-przeglad-polskich-rokoumilaczy\/\"]}]},{\"@type\":\"BreadcrumbList\",\"@id\":\"https:\/\/www.drukomat.pl\/blog\/jakie-kalendarze-taki-rok-czyli-przeglad-polskich-rokoumilaczy\/#breadcrumb\",\"itemListElement\":[{\"@type\":\"ListItem\",\"position\":1,\"name\":\"Strona g\u0142\u00f3wna\",\"item\":\"https:\/\/www.drukomat.pl\/blog\/\"},{\"@type\":\"ListItem\",\"position\":2,\"name\":\"Jakie kalendarze taki rok, czyli przegl\u0105d polskich rokoumilaczy.\"}]},{\"@type\":\"WebSite\",\"@id\":\"https:\/\/www.drukomat.pl\/blog\/#website\",\"url\":\"https:\/\/www.drukomat.pl\/blog\/\",\"name\":\"Blogomat - blog drukarni internetowej drukomat.pl\",\"description\":\"Drukarnia online drukomat.pl zaprasza na blog o drukowaniu. Darmowe materia\u0142y, pomocne tutoriale, ciekawe poradniki i fantastyczne inspiracje ze \u015bwiata druku.\",\"potentialAction\":[{\"@type\":\"SearchAction\",\"target\":{\"@type\":\"EntryPoint\",\"urlTemplate\":\"https:\/\/www.drukomat.pl\/blog\/?s={search_term_string}\"},\"query-input\":\"required name=search_term_string\"}],\"inLanguage\":\"pl-PL\"},{\"@type\":\"Person\",\"@id\":\"https:\/\/www.drukomat.pl\/blog\/#\/schema\/person\/2b44cbfb3e59d28415f917c30446db30\",\"name\":\"Magda\",\"image\":{\"@type\":\"ImageObject\",\"inLanguage\":\"pl-PL\",\"@id\":\"https:\/\/www.drukomat.pl\/blog\/#\/schema\/person\/image\/caa0ea70beb607dec055fa3894d80824\",\"url\":\"https:\/\/secure.gravatar.com\/avatar\/e802920d2e0fee0ef091f80e3e3e27fb?s=96&d=mm&r=g\",\"contentUrl\":\"https:\/\/secure.gravatar.com\/avatar\/e802920d2e0fee0ef091f80e3e3e27fb?s=96&d=mm&r=g\",\"caption\":\"Magda\"},\"description\":\"Creative manager w drukomat.pl. Z poligrafi\u0105 prawie od zawsze, bo tylko ona potrafi barwnie odda\u0107 osobowo\u015b\u0107. Niemo\u017cliwe? Tego jednego s\u0142owa nie zna i zdania nawet po korekcie nie zmieni.\",\"url\":\"https:\/\/www.drukomat.pl\/blog\/author\/magda\/\"}]}<\/script>\n<!-- \/ Yoast SEO plugin. -->","yoast_head_json":{"title":"Kreatywne wzory kalendarzy na 2016 rok - Blogomat","robots":{"index":"index","follow":"follow","max-snippet":"max-snippet:-1","max-image-preview":"max-image-preview:large","max-video-preview":"max-video-preview:-1"},"canonical":"https:\/\/www.drukomat.pl\/blog\/jakie-kalendarze-taki-rok-czyli-przeglad-polskich-rokoumilaczy\/","og_locale":"pl_PL","og_type":"article","og_title":"Kreatywne wzory kalendarzy na 2016 rok - Blogomat","og_description":"Przed Wami subiektywny przegl\u0105d polskich kalendarzy na 2016 rok. I cho\u0107 teraz ju\u017c pewnie wszystkie wisz\u0105 na \u015bcianach, stoj\u0105 na biurkach, gubi\u0105 si\u0119 w torebkach to przesz\u0142y d\u0142ug\u0105 drog\u0119 do&hellip;","og_url":"https:\/\/www.drukomat.pl\/blog\/jakie-kalendarze-taki-rok-czyli-przeglad-polskich-rokoumilaczy\/","og_site_name":"Blogomat - blog drukarni internetowej drukomat.pl","article_publisher":"https:\/\/www.facebook.com\/drukomatpl\/","article_published_time":"2015-12-31T10:53:08+00:00","article_modified_time":"2026-04-29T12:15:49+00:00","og_image":[{"width":900,"height":630,"url":"https:\/\/www.drukomat.pl\/blog\/wp-content\/uploads\/2016\/01\/start.jpg","type":"image\/jpeg"}],"author":"Magda","twitter_misc":{"Napisane przez":"Magda","Szacowany czas czytania":"8 minut","Written by":"Magda"},"schema":{"@context":"https:\/\/schema.org","@graph":[{"@type":"WebPage","@id":"https:\/\/www.drukomat.pl\/blog\/jakie-kalendarze-taki-rok-czyli-przeglad-polskich-rokoumilaczy\/","url":"https:\/\/www.drukomat.pl\/blog\/jakie-kalendarze-taki-rok-czyli-przeglad-polskich-rokoumilaczy\/","name":"Kreatywne wzory kalendarzy na 2016 rok - Blogomat","isPartOf":{"@id":"https:\/\/www.drukomat.pl\/blog\/#website"},"datePublished":"2015-12-31T10:53:08+00:00","dateModified":"2026-04-29T12:15:49+00:00","author":{"@id":"https:\/\/www.drukomat.pl\/blog\/#\/schema\/person\/2b44cbfb3e59d28415f917c30446db30"},"breadcrumb":{"@id":"https:\/\/www.drukomat.pl\/blog\/jakie-kalendarze-taki-rok-czyli-przeglad-polskich-rokoumilaczy\/#breadcrumb"},"inLanguage":"pl-PL","potentialAction":[{"@type":"ReadAction","target":["https:\/\/www.drukomat.pl\/blog\/jakie-kalendarze-taki-rok-czyli-przeglad-polskich-rokoumilaczy\/"]}]},{"@type":"BreadcrumbList","@id":"https:\/\/www.drukomat.pl\/blog\/jakie-kalendarze-taki-rok-czyli-przeglad-polskich-rokoumilaczy\/#breadcrumb","itemListElement":[{"@type":"ListItem","position":1,"name":"Strona g\u0142\u00f3wna","item":"https:\/\/www.drukomat.pl\/blog\/"},{"@type":"ListItem","position":2,"name":"Jakie kalendarze taki rok, czyli przegl\u0105d polskich rokoumilaczy."}]},{"@type":"WebSite","@id":"https:\/\/www.drukomat.pl\/blog\/#website","url":"https:\/\/www.drukomat.pl\/blog\/","name":"Blogomat - blog drukarni internetowej drukomat.pl","description":"Drukarnia online drukomat.pl zaprasza na blog o drukowaniu. Darmowe materia\u0142y, pomocne tutoriale, ciekawe poradniki i fantastyczne inspiracje ze \u015bwiata druku.","potentialAction":[{"@type":"SearchAction","target":{"@type":"EntryPoint","urlTemplate":"https:\/\/www.drukomat.pl\/blog\/?s={search_term_string}"},"query-input":"required name=search_term_string"}],"inLanguage":"pl-PL"},{"@type":"Person","@id":"https:\/\/www.drukomat.pl\/blog\/#\/schema\/person\/2b44cbfb3e59d28415f917c30446db30","name":"Magda","image":{"@type":"ImageObject","inLanguage":"pl-PL","@id":"https:\/\/www.drukomat.pl\/blog\/#\/schema\/person\/image\/caa0ea70beb607dec055fa3894d80824","url":"https:\/\/secure.gravatar.com\/avatar\/e802920d2e0fee0ef091f80e3e3e27fb?s=96&d=mm&r=g","contentUrl":"https:\/\/secure.gravatar.com\/avatar\/e802920d2e0fee0ef091f80e3e3e27fb?s=96&d=mm&r=g","caption":"Magda"},"description":"Creative manager w drukomat.pl. Z poligrafi\u0105 prawie od zawsze, bo tylko ona potrafi barwnie odda\u0107 osobowo\u015b\u0107. Niemo\u017cliwe? Tego jednego s\u0142owa nie zna i zdania nawet po korekcie nie zmieni.","url":"https:\/\/www.drukomat.pl\/blog\/author\/magda\/"}]}},"_links":{"self":[{"href":"https:\/\/www.drukomat.pl\/blog\/wp-json\/wp\/v2\/posts\/1788"}],"collection":[{"href":"https:\/\/www.drukomat.pl\/blog\/wp-json\/wp\/v2\/posts"}],"about":[{"href":"https:\/\/www.drukomat.pl\/blog\/wp-json\/wp\/v2\/types\/post"}],"author":[{"embeddable":true,"href":"https:\/\/www.drukomat.pl\/blog\/wp-json\/wp\/v2\/users\/4"}],"replies":[{"embeddable":true,"href":"https:\/\/www.drukomat.pl\/blog\/wp-json\/wp\/v2\/comments?post=1788"}],"version-history":[{"count":31,"href":"https:\/\/www.drukomat.pl\/blog\/wp-json\/wp\/v2\/posts\/1788\/revisions"}],"predecessor-version":[{"id":13354,"href":"https:\/\/www.drukomat.pl\/blog\/wp-json\/wp\/v2\/posts\/1788\/revisions\/13354"}],"wp:featuredmedia":[{"embeddable":true,"href":"https:\/\/www.drukomat.pl\/blog\/wp-json\/wp\/v2\/media\/1837"}],"wp:attachment":[{"href":"https:\/\/www.drukomat.pl\/blog\/wp-json\/wp\/v2\/media?parent=1788"}],"wp:term":[{"taxonomy":"category","embeddable":true,"href":"https:\/\/www.drukomat.pl\/blog\/wp-json\/wp\/v2\/categories?post=1788"},{"taxonomy":"post_tag","embeddable":true,"href":"https:\/\/www.drukomat.pl\/blog\/wp-json\/wp\/v2\/tags?post=1788"},{"taxonomy":"author","embeddable":true,"href":"https:\/\/www.drukomat.pl\/blog\/wp-json\/wp\/v2\/coauthors?post=1788"}],"curies":[{"name":"wp","href":"https:\/\/api.w.org\/{rel}","templated":true}]}}